{"id":1140,"date":"2016-10-29T09:51:35","date_gmt":"2016-10-29T08:51:35","guid":{"rendered":"http:\/\/web.vorfrelserskantori.dk\/?p=1140"},"modified":"2023-08-08T19:41:34","modified_gmt":"2023-08-08T19:41:34","slug":"durufle-requiem-koege-loerdag-5-november-christianshavn-soendag-6-november","status":"publish","type":"post","link":"https:\/\/vorfrelserskantori.dk\/index.php\/2016\/10\/29\/durufle-requiem-koege-loerdag-5-november-christianshavn-soendag-6-november\/","title":{"rendered":"Durufl\u00e9 Requiem &#8211; K\u00f8ge, L\u00f8rdag 5. november &#8211; Christianshavn, S\u00f8ndag 6. november"},"content":{"rendered":"<p><img loading=\"lazy\" decoding=\"async\" class=\"size-full wp-image-1141 aligncenter\" src=\"https:\/\/vorfrelserskantori.dk\/wp-content\/uploads\/2023\/08\/duruflerequiem2016plakat-691x1000.jpg\" alt=\"duruflerequiem2016plakat\" width=\"420\" height=\"608\" \/><\/p>\n<p>Det er blevet efter\u00e5r og Allehelgenstid.<\/p>\n<p>Kantoriet opf\u00f8rer Maurice Durufl\u00e9s &#8220;Quatre Motets&#8221; og det utroligt smukke &#8220;Requiem&#8221; for kor og orgel ved to koncerter.<\/p>\n<p>Diana Panzeri og Brian Gr\u00f8nb\u00e6k er solister og Tori Restorff Jacobsen medvirker p\u00e5 cello. Jens E. Christensen sidder ved orglet og vil ogs\u00e5 gl\u00e6de os med Durufl\u00e9s &#8220;Prelude et fugue sur le nom d&#8217;Alain&#8221;. Lars S\u00f8mod st\u00e5r for den musikalske ledelse.<\/p>\n<p>Vi gl\u00e6der os til synge for jer<\/p>\n<ul>\n<li>K\u00f8ge Kirke, L\u00f8rdag 5. November Kl 15<\/li>\n<li>Vor Frelsers Kirke, S\u00f8ndag 6. November Kl 15<\/li>\n<\/ul>\n<p>Koncerterne er gratis.<\/p>\n<p>&nbsp;<\/p>\n","protected":false},"excerpt":{"rendered":"<p>Det er blevet efter\u00e5r og Allehelgenstid. Kantoriet opf\u00f8rer Maurice Durufl\u00e9s &#8220;Quatre Motets&#8221; og det utroligt smukke &#8220;Requiem&#8221; for kor og orgel ved to koncerter. Diana Panzeri og Brian Gr\u00f8nb\u00e6k er solister og Tori Restorff Jacobsen medvirker p\u00e5 cello. Jens E. Christensen sidder ved orglet og vil ogs\u00e5 gl\u00e6de os med Durufl\u00e9s &#8220;Prelude et fugue sur &hellip; <\/p>\n<p class=\"link-more\"><a href=\"https:\/\/vorfrelserskantori.dk\/index.php\/2016\/10\/29\/durufle-requiem-koege-loerdag-5-november-christianshavn-soendag-6-november\/\" class=\"more-link\">L\u00e6s videre<span class=\"screen-reader-text\"> &#8220;Durufl\u00e9 Requiem &#8211; K\u00f8ge, L\u00f8rdag 5. november &#8211; Christianshavn, S\u00f8ndag 6. november&#8221;<\/span><\/a><\/p>\n","protected":false},"author":1,"featured_media":1141,"comment_status":"closed","ping_status":"closed","sticky":false,"template":"","format":"standard","meta":{"footnotes":""},"categories":[4],"tags":[15,16,20,35,38,59,88,92,108],"class_list":["post-1140","post","type-post","status-publish","format-standard","has-post-thumbnail","hentry","category-koncerter","tag-5-november-2016","tag-6-november-2016","tag-allehelgen","tag-christianshavn","tag-durufle","tag-koege","tag-requiem","tag-sct-nicolai-kirke","tag-vor-frelsers-kirke"],"_links":{"self":[{"href":"https:\/\/vorfrelserskantori.dk\/index.php\/wp-json\/wp\/v2\/posts\/1140","targetHints":{"allow":["GET"]}}],"collection":[{"href":"https:\/\/vorfrelserskantori.dk\/index.php\/wp-json\/wp\/v2\/posts"}],"about":[{"href":"https:\/\/vorfrelserskantori.dk\/index.php\/wp-json\/wp\/v2\/types\/post"}],"author":[{"embeddable":true,"href":"https:\/\/vorfrelserskantori.dk\/index.php\/wp-json\/wp\/v2\/users\/1"}],"replies":[{"embeddable":true,"href":"https:\/\/vorfrelserskantori.dk\/index.php\/wp-json\/wp\/v2\/comments?post=1140"}],"version-history":[{"count":2,"href":"https:\/\/vorfrelserskantori.dk\/index.php\/wp-json\/wp\/v2\/posts\/1140\/revisions"}],"predecessor-version":[{"id":1615,"href":"https:\/\/vorfrelserskantori.dk\/index.php\/wp-json\/wp\/v2\/posts\/1140\/revisions\/1615"}],"wp:featuredmedia":[{"embeddable":true,"href":"https:\/\/vorfrelserskantori.dk\/index.php\/wp-json\/"}],"wp:attachment":[{"href":"https:\/\/vorfrelserskantori.dk\/index.php\/wp-json\/wp\/v2\/media?parent=1140"}],"wp:term":[{"taxonomy":"category","embeddable":true,"href":"https:\/\/vorfrelserskantori.dk\/index.php\/wp-json\/wp\/v2\/categories?post=1140"},{"taxonomy":"post_tag","embeddable":true,"href":"https:\/\/vorfrelserskantori.dk\/index.php\/wp-json\/wp\/v2\/tags?post=1140"}],"curies":[{"name":"wp","href":"https:\/\/api.w.org\/{rel}","templated":true}]}}