{"id":1254,"date":"2018-06-02T08:55:34","date_gmt":"2018-06-02T07:55:34","guid":{"rendered":"http:\/\/web.vorfrelserskantori.dk\/?p=1254"},"modified":"2023-08-08T19:41:34","modified_gmt":"2023-08-08T19:41:34","slug":"sommerkoncerter-vor-frelsers-kirke-loerdag-16-juni-solvang-kirke-mandag-18-juni","status":"publish","type":"post","link":"https:\/\/vorfrelserskantori.dk\/index.php\/2018\/06\/02\/sommerkoncerter-vor-frelsers-kirke-loerdag-16-juni-solvang-kirke-mandag-18-juni\/","title":{"rendered":"Sommerkoncerter &#8211; Vor Frelsers Kirke, L\u00f8rdag 16. juni &#8211; Solvang Kirke, Mandag 18. juni"},"content":{"rendered":"<p><img loading=\"lazy\" decoding=\"async\" class=\"alignnone size-full wp-image-1255\" src=\"https:\/\/vorfrelserskantori.dk\/wp-content\/uploads\/2023\/08\/800px-stadsgraven_and_church_of_our_saviour2c_copenhagen.jpg\" alt=\"800px-stadsgraven_and_church_of_our_saviour2c_copenhagen\" width=\"800\" height=\"531\" \/>S\u00e5 blev det sommer &#8230;<\/p>\n<p>Vor Frelsers Kantori holder i \u00e5r to sommerkoncerter:<\/p>\n<ul>\n<li>Vor Frelsers Kirke, l\u00f8rdag d. 16. juni kl. 16<\/li>\n<li><a href=\"https:\/\/www.solvangsogn.dk\">Solvang Kirke<\/a>, mandag d. 18 juni kl. 19.<\/li>\n<\/ul>\n<p>Sommerkoncerterne vil fejre\u00a0 sommerdagen, blomsterne, aftenen, k\u00e6rligheden og troen med v\u00e6rker af Holmboe, Carl Nielsen, Gade, Brams, Rheinberger m.fl. Vi har ogs\u00e5 en uropf\u00f8rsel p\u00e5 programmet, en sats af vores egen(!) Helle Hartz til teksten fra Halfdan Rasmussens digt Stjernebarn.<\/p>\n<p>Der er gratis adgang til koncerterne.<\/p>\n<p><img loading=\"lazy\" decoding=\"async\" class=\" size-full wp-image-1256 alignright\" src=\"https:\/\/vorfrelserskantori.dk\/wp-content\/uploads\/2023\/08\/img_1336-e1527925640955.jpg\" alt=\"img_1336.jpg\" width=\"354\" height=\"203\" \/><\/p>\n","protected":false},"excerpt":{"rendered":"<p>S\u00e5 blev det sommer &#8230; Vor Frelsers Kantori holder i \u00e5r to sommerkoncerter: Vor Frelsers Kirke, l\u00f8rdag d. 16. juni kl. 16 Solvang Kirke, mandag d. 18 juni kl. 19. Sommerkoncerterne vil fejre\u00a0 sommerdagen, blomsterne, aftenen, k\u00e6rligheden og troen med v\u00e6rker af Holmboe, Carl Nielsen, Gade, Brams, Rheinberger m.fl. Vi har ogs\u00e5 en uropf\u00f8rsel p\u00e5 &hellip; <\/p>\n<p class=\"link-more\"><a href=\"https:\/\/vorfrelserskantori.dk\/index.php\/2018\/06\/02\/sommerkoncerter-vor-frelsers-kirke-loerdag-16-juni-solvang-kirke-mandag-18-juni\/\" class=\"more-link\">L\u00e6s videre<span class=\"screen-reader-text\"> &#8220;Sommerkoncerter &#8211; Vor Frelsers Kirke, L\u00f8rdag 16. juni &#8211; Solvang Kirke, Mandag 18. juni&#8221;<\/span><\/a><\/p>\n","protected":false},"author":1,"featured_media":0,"comment_status":"closed","ping_status":"closed","sticky":false,"template":"","format":"standard","meta":{"footnotes":""},"categories":[4],"tags":[97,108],"class_list":["post-1254","post","type-post","status-publish","format-standard","hentry","category-koncerter","tag-solvang-kirke","tag-vor-frelsers-kirke"],"_links":{"self":[{"href":"https:\/\/vorfrelserskantori.dk\/index.php\/wp-json\/wp\/v2\/posts\/1254","targetHints":{"allow":["GET"]}}],"collection":[{"href":"https:\/\/vorfrelserskantori.dk\/index.php\/wp-json\/wp\/v2\/posts"}],"about":[{"href":"https:\/\/vorfrelserskantori.dk\/index.php\/wp-json\/wp\/v2\/types\/post"}],"author":[{"embeddable":true,"href":"https:\/\/vorfrelserskantori.dk\/index.php\/wp-json\/wp\/v2\/users\/1"}],"replies":[{"embeddable":true,"href":"https:\/\/vorfrelserskantori.dk\/index.php\/wp-json\/wp\/v2\/comments?post=1254"}],"version-history":[{"count":1,"href":"https:\/\/vorfrelserskantori.dk\/index.php\/wp-json\/wp\/v2\/posts\/1254\/revisions"}],"predecessor-version":[{"id":1594,"href":"https:\/\/vorfrelserskantori.dk\/index.php\/wp-json\/wp\/v2\/posts\/1254\/revisions\/1594"}],"wp:attachment":[{"href":"https:\/\/vorfrelserskantori.dk\/index.php\/wp-json\/wp\/v2\/media?parent=1254"}],"wp:term":[{"taxonomy":"category","embeddable":true,"href":"https:\/\/vorfrelserskantori.dk\/index.php\/wp-json\/wp\/v2\/categories?post=1254"},{"taxonomy":"post_tag","embeddable":true,"href":"https:\/\/vorfrelserskantori.dk\/index.php\/wp-json\/wp\/v2\/tags?post=1254"}],"curies":[{"name":"wp","href":"https:\/\/api.w.org\/{rel}","templated":true}]}}