{"id":1283,"date":"2019-01-31T22:17:40","date_gmt":"2019-01-31T21:17:40","guid":{"rendered":"http:\/\/web.vorfrelserskantori.dk\/?p=1283"},"modified":"2023-08-08T19:41:34","modified_gmt":"2023-08-08T19:41:34","slug":"kyndelmissekoncert-i-natkirken-1-februar","status":"publish","type":"post","link":"https:\/\/vorfrelserskantori.dk\/index.php\/2019\/01\/31\/kyndelmissekoncert-i-natkirken-1-februar\/","title":{"rendered":"Kyndelmissekoncert i Natkirken 1. februar"},"content":{"rendered":"<p><img loading=\"lazy\" decoding=\"async\" class=\"alignnone size-full wp-image-1281\" src=\"https:\/\/vorfrelserskantori.dk\/wp-content\/uploads\/2023\/08\/37d5464b-58cf-4740-b3ce-0985460aee06-750x1000.jpg\" alt=\"37d5464b-58cf-4740-b3ce-0985460aee06\" width=\"1536\" height=\"2048\" \/><\/p>\n<p>Vi er t\u00e6t p\u00e5 kyndelmisse, og Vor Frelsers Kantori under ledelse af Lars S\u00f8mod synger derfor sange til midvintertiden af bl.a. Holmboe,<span class=\"text_exposed_show\"> Poulenc og S\u00f8mod. Musikken begynder, n\u00e5r Natkirken \u00e5bner kl. 20. Der er andagt kl. 21.30. Aftenens pr\u00e6st er Marlene Lindsten.<\/span><\/p>\n","protected":false},"excerpt":{"rendered":"<p>Vi er t\u00e6t p\u00e5 kyndelmisse, og Vor Frelsers Kantori under ledelse af Lars S\u00f8mod synger derfor sange til midvintertiden af bl.a. Holmboe, Poulenc og S\u00f8mod. Musikken begynder, n\u00e5r Natkirken \u00e5bner kl. 20. Der er andagt kl. 21.30. Aftenens pr\u00e6st er Marlene Lindsten.<\/p>\n","protected":false},"author":1,"featured_media":0,"comment_status":"closed","ping_status":"closed","sticky":false,"template":"","format":"standard","meta":{"footnotes":""},"categories":[4],"tags":[108],"class_list":["post-1283","post","type-post","status-publish","format-standard","hentry","category-koncerter","tag-vor-frelsers-kirke"],"_links":{"self":[{"href":"https:\/\/vorfrelserskantori.dk\/index.php\/wp-json\/wp\/v2\/posts\/1283","targetHints":{"allow":["GET"]}}],"collection":[{"href":"https:\/\/vorfrelserskantori.dk\/index.php\/wp-json\/wp\/v2\/posts"}],"about":[{"href":"https:\/\/vorfrelserskantori.dk\/index.php\/wp-json\/wp\/v2\/types\/post"}],"author":[{"embeddable":true,"href":"https:\/\/vorfrelserskantori.dk\/index.php\/wp-json\/wp\/v2\/users\/1"}],"replies":[{"embeddable":true,"href":"https:\/\/vorfrelserskantori.dk\/index.php\/wp-json\/wp\/v2\/comments?post=1283"}],"version-history":[{"count":1,"href":"https:\/\/vorfrelserskantori.dk\/index.php\/wp-json\/wp\/v2\/posts\/1283\/revisions"}],"predecessor-version":[{"id":1579,"href":"https:\/\/vorfrelserskantori.dk\/index.php\/wp-json\/wp\/v2\/posts\/1283\/revisions\/1579"}],"wp:attachment":[{"href":"https:\/\/vorfrelserskantori.dk\/index.php\/wp-json\/wp\/v2\/media?parent=1283"}],"wp:term":[{"taxonomy":"category","embeddable":true,"href":"https:\/\/vorfrelserskantori.dk\/index.php\/wp-json\/wp\/v2\/categories?post=1283"},{"taxonomy":"post_tag","embeddable":true,"href":"https:\/\/vorfrelserskantori.dk\/index.php\/wp-json\/wp\/v2\/tags?post=1283"}],"curies":[{"name":"wp","href":"https:\/\/api.w.org\/{rel}","templated":true}]}}