{"id":1290,"date":"2019-06-15T06:53:41","date_gmt":"2019-06-15T05:53:41","guid":{"rendered":"http:\/\/web.vorfrelserskantori.dk\/?p=1290"},"modified":"2023-08-08T19:41:35","modified_gmt":"2023-08-08T19:41:35","slug":"sommerkoncerter-2019-vor-frelsers-kirke-loerdag-15-juni-solvang-kirke-mandag-17-juni","status":"publish","type":"post","link":"https:\/\/vorfrelserskantori.dk\/index.php\/2019\/06\/15\/sommerkoncerter-2019-vor-frelsers-kirke-loerdag-15-juni-solvang-kirke-mandag-17-juni\/","title":{"rendered":"Sommerkoncerter 2019 &#8211; Vor Frelsers Kirke l\u00f8rdag 15. juni &#8211; Solvang Kirke mandag 17. juni"},"content":{"rendered":"<p><img loading=\"lazy\" decoding=\"async\" src=\"https:\/\/vorfrelserskantori.dk\/wp-content\/uploads\/2023\/08\/f2c3b8f4-4808-4bd6-80d6-62fbb35f521d-26571-0000167b32d5c32c-1000x667.jpg\" class=\"size-full wp-image-1292\" width=\"4650\" height=\"3100\">Vor Frelsers Kantori opf\u00f8rer i \u00e5r en sommerkoncert med sommersange af Schultz og Alfv\u00e9n, men ogs\u00e5 en del kirkemusikalske v\u00e6rker af bl.a Gjeilo, Holmboe, Nielsen, La Cour og vores egen S\u00f8mod. Koncerten skal nemlig b\u00e5de b\u00e5de synge sommeren ind og pakke den musikalske kuffert der skal med os til korfestival i Ohrid i Nordmakedonien til august. Dirigent er Lars S\u00f8mod. Fri entr\u00e9.<\/p>\n<p>Vi gl\u00e6der os til at se jer &#8230;<\/p>\n<ul>\n<li>Vor Frelsers Kirke, l\u00f8rdag 15. juni kl. 16<\/li>\n<li>Solvang Kirke, mandag 17. juni kl. 19<\/li>\n<\/ul>\n","protected":false},"excerpt":{"rendered":"<p>Vor Frelsers Kantori opf\u00f8rer i \u00e5r en sommerkoncert med sommersange af Schultz og Alfv\u00e9n, men ogs\u00e5 en del kirkemusikalske v\u00e6rker af bl.a Gjeilo, Holmboe, Nielsen, La Cour og vores egen S\u00f8mod. Koncerten skal nemlig b\u00e5de b\u00e5de synge sommeren ind og pakke den musikalske kuffert der skal med os til korfestival i Ohrid i Nordmakedonien til &hellip; <\/p>\n<p class=\"link-more\"><a href=\"https:\/\/vorfrelserskantori.dk\/index.php\/2019\/06\/15\/sommerkoncerter-2019-vor-frelsers-kirke-loerdag-15-juni-solvang-kirke-mandag-17-juni\/\" class=\"more-link\">L\u00e6s videre<span class=\"screen-reader-text\"> &#8220;Sommerkoncerter 2019 &#8211; Vor Frelsers Kirke l\u00f8rdag 15. juni &#8211; Solvang Kirke mandag 17. juni&#8221;<\/span><\/a><\/p>\n","protected":false},"author":1,"featured_media":1292,"comment_status":"closed","ping_status":"closed","sticky":false,"template":"","format":"standard","meta":{"footnotes":""},"categories":[4],"tags":[35,60,97,98],"class_list":["post-1290","post","type-post","status-publish","format-standard","has-post-thumbnail","hentry","category-koncerter","tag-christianshavn","tag-klassisk","tag-solvang-kirke","tag-sommerkoncert"],"_links":{"self":[{"href":"https:\/\/vorfrelserskantori.dk\/index.php\/wp-json\/wp\/v2\/posts\/1290","targetHints":{"allow":["GET"]}}],"collection":[{"href":"https:\/\/vorfrelserskantori.dk\/index.php\/wp-json\/wp\/v2\/posts"}],"about":[{"href":"https:\/\/vorfrelserskantori.dk\/index.php\/wp-json\/wp\/v2\/types\/post"}],"author":[{"embeddable":true,"href":"https:\/\/vorfrelserskantori.dk\/index.php\/wp-json\/wp\/v2\/users\/1"}],"replies":[{"embeddable":true,"href":"https:\/\/vorfrelserskantori.dk\/index.php\/wp-json\/wp\/v2\/comments?post=1290"}],"version-history":[{"count":3,"href":"https:\/\/vorfrelserskantori.dk\/index.php\/wp-json\/wp\/v2\/posts\/1290\/revisions"}],"predecessor-version":[{"id":1591,"href":"https:\/\/vorfrelserskantori.dk\/index.php\/wp-json\/wp\/v2\/posts\/1290\/revisions\/1591"}],"wp:featuredmedia":[{"embeddable":true,"href":"https:\/\/vorfrelserskantori.dk\/index.php\/wp-json\/"}],"wp:attachment":[{"href":"https:\/\/vorfrelserskantori.dk\/index.php\/wp-json\/wp\/v2\/media?parent=1290"}],"wp:term":[{"taxonomy":"category","embeddable":true,"href":"https:\/\/vorfrelserskantori.dk\/index.php\/wp-json\/wp\/v2\/categories?post=1290"},{"taxonomy":"post_tag","embeddable":true,"href":"https:\/\/vorfrelserskantori.dk\/index.php\/wp-json\/wp\/v2\/tags?post=1290"}],"curies":[{"name":"wp","href":"https:\/\/api.w.org\/{rel}","templated":true}]}}