{"id":1320,"date":"2019-10-02T16:30:36","date_gmt":"2019-10-02T15:30:36","guid":{"rendered":"http:\/\/web.vorfrelserskantori.dk\/?p=1320"},"modified":"2023-08-08T19:41:35","modified_gmt":"2023-08-08T19:41:35","slug":"il-est-mort-fransk-allehelgenskoncert-soendag-d-3-november-kl-15","status":"publish","type":"post","link":"https:\/\/vorfrelserskantori.dk\/index.php\/2019\/10\/02\/il-est-mort-fransk-allehelgenskoncert-soendag-d-3-november-kl-15\/","title":{"rendered":"Il est mort! &#8211; Fransk Allehelgenskoncert s\u00f8ndag d. 3. november kl. 15."},"content":{"rendered":"<img decoding=\"async\" src=\"https:\/\/vorfrelserskantori.dk\/wp-content\/uploads\/2023\/08\/031119plakat-707x1000.jpg\" alt=\"\" class=\"wp-full image-1328\">\n\n<p>I 1937 faldt den franske organist og komponist, Louis Vierne, d\u00f8d om p\u00e5 orgelb\u00e6nken i Notre Dame i Paris &#8211; midt under sin orgelkoncert nr. 1750. Ved hans side stod hans elev og n\u00e6re ven, den liges\u00e5 anerkendte organist Maurice Durufl\u00e9. <\/p>\n\n\n<p>Vi h\u00e5ber, at alle organister overlever, n\u00e5r Vor Frelser Kirke inviterer til koncert med kor og orgelmusik af de to franske komponister p\u00e5 Allehelgens S\u00f8ndag d. 3\/11: Dagen, hvor vi mindes de d\u00f8de. <\/p>\n\n\n<p>Ved Allehelgenskoncerten deltager begge Vor Frelsers Kirkes kor. <\/p>\n\n\n<p>Vor Frelsers Kantori, kirkens koncertkor med 40 sangere, vil sammen med solisterne Marie Troelsen (mezzo) og Brian Gr\u00f8nb\u00e6k (bas) fremf\u00f8re Maurice Durufl\u00e9s Requiem fra 1947. Denne Messe for de D\u00f8de er \u00e9n af de absolut smukkeste, og den indeholder som flere af Durufl\u00e9s andre v\u00e6rker mange melodiske referencer til gregorianske temaer. <\/p>\n\n\n<p>Forinden vil Vor Frelsers Kirkes Kor, kirkekoret som medvirker ved de kirkelige handlinger i Vor Frelsers, opf\u00f8re Louis Viernes Messe Solenelle fra 1899. Messe Solenelle var oprindelig komponeret til to orgler men blev siden omskrevet til en bes\u00e6tning, der bedre matchede kapaciteten i langt de fleste kirker. <\/p>\n\n\n<p>Begge v\u00e6rker dirigeres af Lars S\u00f8mod og akkompagneres af Johan Sigvard Jensen ved orglet. <\/p>\n\n\n<p><strong>Tid: S\u00f8ndag d. 3. november kl. 15. <br>Sted: Vor Frelser Kirke, K\u00f8benhavn <br>Der er gratis adgang.<\/strong><\/p>\n","protected":false},"excerpt":{"rendered":"<p>I 1937 faldt den franske organist og komponist, Louis Vierne, d\u00f8d om p\u00e5 orgelb\u00e6nken i Notre Dame i Paris &#8211; midt under sin orgelkoncert nr. 1750. Ved hans side stod hans elev og n\u00e6re ven, den liges\u00e5 anerkendte organist Maurice Durufl\u00e9. Vi h\u00e5ber, at alle organister overlever, n\u00e5r Vor Frelser Kirke inviterer til koncert med &hellip; <\/p>\n<p class=\"link-more\"><a href=\"https:\/\/vorfrelserskantori.dk\/index.php\/2019\/10\/02\/il-est-mort-fransk-allehelgenskoncert-soendag-d-3-november-kl-15\/\" class=\"more-link\">L\u00e6s videre<span class=\"screen-reader-text\"> &#8220;Il est mort! &#8211; Fransk Allehelgenskoncert s\u00f8ndag d. 3. november kl. 15.&#8221;<\/span><\/a><\/p>\n","protected":false},"author":1,"featured_media":0,"comment_status":"closed","ping_status":"closed","sticky":false,"template":"","format":"standard","meta":{"footnotes":""},"categories":[4],"tags":[20,38,45,88,108],"class_list":["post-1320","post","type-post","status-publish","format-standard","hentry","category-koncerter","tag-allehelgen","tag-durufle","tag-halloween","tag-requiem","tag-vor-frelsers-kirke"],"_links":{"self":[{"href":"https:\/\/vorfrelserskantori.dk\/index.php\/wp-json\/wp\/v2\/posts\/1320","targetHints":{"allow":["GET"]}}],"collection":[{"href":"https:\/\/vorfrelserskantori.dk\/index.php\/wp-json\/wp\/v2\/posts"}],"about":[{"href":"https:\/\/vorfrelserskantori.dk\/index.php\/wp-json\/wp\/v2\/types\/post"}],"author":[{"embeddable":true,"href":"https:\/\/vorfrelserskantori.dk\/index.php\/wp-json\/wp\/v2\/users\/1"}],"replies":[{"embeddable":true,"href":"https:\/\/vorfrelserskantori.dk\/index.php\/wp-json\/wp\/v2\/comments?post=1320"}],"version-history":[{"count":1,"href":"https:\/\/vorfrelserskantori.dk\/index.php\/wp-json\/wp\/v2\/posts\/1320\/revisions"}],"predecessor-version":[{"id":1568,"href":"https:\/\/vorfrelserskantori.dk\/index.php\/wp-json\/wp\/v2\/posts\/1320\/revisions\/1568"}],"wp:attachment":[{"href":"https:\/\/vorfrelserskantori.dk\/index.php\/wp-json\/wp\/v2\/media?parent=1320"}],"wp:term":[{"taxonomy":"category","embeddable":true,"href":"https:\/\/vorfrelserskantori.dk\/index.php\/wp-json\/wp\/v2\/categories?post=1320"},{"taxonomy":"post_tag","embeddable":true,"href":"https:\/\/vorfrelserskantori.dk\/index.php\/wp-json\/wp\/v2\/tags?post=1320"}],"curies":[{"name":"wp","href":"https:\/\/api.w.org\/{rel}","templated":true}]}}