{"id":1380,"date":"2020-02-29T11:47:06","date_gmt":"2020-02-29T10:47:06","guid":{"rendered":"http:\/\/web.vorfrelserskantori.dk\/?p=1380"},"modified":"2023-08-08T19:41:35","modified_gmt":"2023-08-08T19:41:35","slug":"part-poulenc-barber-palmesoendag-5-april-kl-15","status":"publish","type":"post","link":"https:\/\/vorfrelserskantori.dk\/index.php\/2020\/02\/29\/part-poulenc-barber-palmesoendag-5-april-kl-15\/","title":{"rendered":"AFLYST &#8211; P\u00e4rt, Poulenc, Barber &#8211; Palmes\u00f8ndag 5. april kl 15"},"content":{"rendered":"<p><img loading=\"lazy\" decoding=\"async\" src=\"https:\/\/vorfrelserskantori.dk\/wp-content\/uploads\/2023\/08\/img_6345-707x1000.jpg\" class=\"aligncenter size-full wp-image-1378\" width=\"842\" height=\"1191\"><\/p>\n<p><em>AFLYST &#8211; Som f\u00f8lge af situationen med Corona- virus er kantoriets P\u00e5skekoncert aflyst.<\/em><\/p>\n<p>Et sp\u00e6ndende program med musik fra det 20. \u00e5rhundrede, nemlig Arvo P\u00e4rts Berliner-Messe fra det tyske genforenings\u00e5r 1990, Poulencs Orgelkoncert og Samuel Barbers popul\u00e6re Agnus Dei. Vor Frelsers Kantori, organist Johan Sigvard Jensen og Vor Frelsers Kammerorkester medvirker under ledelse af Lars S\u00f8mod.<\/p>\n<p><a href=\"https:\/\/billetto.dk\/e\/part-poulenc-barber-palmesondag-i-vor-frelsers-kirke-billetter-412416\" target=\"_blank\" rel=\"noopener\">Billetter kan forudk\u00f8bes p\u00e5 Billetto med rabat<\/a>. Resterende billetter s\u00e6lges i d\u00f8ren. Entr\u00e9 150 kr. \/ 100 kr for unge under 25.<\/p>\n<p>Koncerten st\u00f8ttes af Augustinus Fonden og&nbsp;William Demant Fonden.<\/p>\n","protected":false},"excerpt":{"rendered":"<p>AFLYST &#8211; Som f\u00f8lge af situationen med Corona- virus er kantoriets P\u00e5skekoncert aflyst. Et sp\u00e6ndende program med musik fra det 20. \u00e5rhundrede, nemlig Arvo P\u00e4rts Berliner-Messe fra det tyske genforenings\u00e5r 1990, Poulencs Orgelkoncert og Samuel Barbers popul\u00e6re Agnus Dei. Vor Frelsers Kantori, organist Johan Sigvard Jensen og Vor Frelsers Kammerorkester medvirker under ledelse af Lars &hellip; <\/p>\n<p class=\"link-more\"><a href=\"https:\/\/vorfrelserskantori.dk\/index.php\/2020\/02\/29\/part-poulenc-barber-palmesoendag-5-april-kl-15\/\" class=\"more-link\">L\u00e6s videre<span class=\"screen-reader-text\"> &#8220;AFLYST &#8211; P\u00e4rt, Poulenc, Barber &#8211; Palmes\u00f8ndag 5. april kl 15&#8221;<\/span><\/a><\/p>\n","protected":false},"author":1,"featured_media":1379,"comment_status":"closed","ping_status":"closed","sticky":false,"template":"","format":"standard","meta":{"footnotes":""},"categories":[4],"tags":[25,27,60,64,76,80,82,86,108],"class_list":["post-1380","post","type-post","status-publish","format-standard","has-post-thumbnail","hentry","category-koncerter","tag-barber","tag-berlinermesse","tag-klassisk","tag-korkoncert","tag-orgelkoncert","tag-part","tag-paaskekoncert","tag-poulenc","tag-vor-frelsers-kirke"],"_links":{"self":[{"href":"https:\/\/vorfrelserskantori.dk\/index.php\/wp-json\/wp\/v2\/posts\/1380","targetHints":{"allow":["GET"]}}],"collection":[{"href":"https:\/\/vorfrelserskantori.dk\/index.php\/wp-json\/wp\/v2\/posts"}],"about":[{"href":"https:\/\/vorfrelserskantori.dk\/index.php\/wp-json\/wp\/v2\/types\/post"}],"author":[{"embeddable":true,"href":"https:\/\/vorfrelserskantori.dk\/index.php\/wp-json\/wp\/v2\/users\/1"}],"replies":[{"embeddable":true,"href":"https:\/\/vorfrelserskantori.dk\/index.php\/wp-json\/wp\/v2\/comments?post=1380"}],"version-history":[{"count":2,"href":"https:\/\/vorfrelserskantori.dk\/index.php\/wp-json\/wp\/v2\/posts\/1380\/revisions"}],"predecessor-version":[{"id":1561,"href":"https:\/\/vorfrelserskantori.dk\/index.php\/wp-json\/wp\/v2\/posts\/1380\/revisions\/1561"}],"wp:featuredmedia":[{"embeddable":true,"href":"https:\/\/vorfrelserskantori.dk\/index.php\/wp-json\/"}],"wp:attachment":[{"href":"https:\/\/vorfrelserskantori.dk\/index.php\/wp-json\/wp\/v2\/media?parent=1380"}],"wp:term":[{"taxonomy":"category","embeddable":true,"href":"https:\/\/vorfrelserskantori.dk\/index.php\/wp-json\/wp\/v2\/categories?post=1380"},{"taxonomy":"post_tag","embeddable":true,"href":"https:\/\/vorfrelserskantori.dk\/index.php\/wp-json\/wp\/v2\/tags?post=1380"}],"curies":[{"name":"wp","href":"https:\/\/api.w.org\/{rel}","templated":true}]}}