{"id":1442,"date":"2021-09-28T18:34:58","date_gmt":"2021-09-28T17:34:58","guid":{"rendered":"http:\/\/web.vorfrelserskantori.dk\/?p=1442"},"modified":"2023-08-08T19:41:35","modified_gmt":"2023-08-08T19:41:35","slug":"vaer-ikke-bange-for-moerket-sjoemannskirken-15-oktober-kl-20","status":"publish","type":"post","link":"https:\/\/vorfrelserskantori.dk\/index.php\/2021\/09\/28\/vaer-ikke-bange-for-moerket-sjoemannskirken-15-oktober-kl-20\/","title":{"rendered":"V\u00e6r ikke bange for m\u00f8rket &#8211; K\u00f8benhavn 15. oktober kl. 20 &#8211; Oslo 29. oktober kl. 20"},"content":{"rendered":"\n<figure class=\"wp-block-image size-full\"><img decoding=\"async\" src=\"https:\/\/vorfrelserskantori.dk\/wp-content\/uploads\/2023\/08\/img_8830-750x1000.jpg\" alt=\"\" class=\"wp-image-1441\" \/><\/figure>\n\n\n\n<p>Ny nordisk poesi i ny nordisk kormusik. En litteraturkoncert med s\u00e6rlig v\u00e6gt p\u00e5 ordene i musikken. Selve temaet \u2013 lys i m\u00f8rket \u2013 er opst\u00e5et som en eftertanke oven p\u00e5 den undtagelsestilstand Danmark og Norge stod i med coronakrisen, som lagde sig over os som et m\u00f8rke og fik mange til at drage paralleller til og h\u00f8re efterklange af de dystre \u00e5r under Anden Verdenskrig, en krig hvis oph\u00f8r i forbindelse med 75-\u00e5rets for befrielsen vi sigende nok ikke kunne komme til at fejre som planlagt.<\/p>\n\n\n\n<p>Det oph\u00f8r har vi mulighed for at markere nu \u2013 og samtidig ser det ud til, at vi er ved at vriste os ud af coronaens greb. Koncertprogrammet best\u00e5r derfor af skandinaviske digte, der alle dv\u00e6ler ved, udforsker eller bearbejder det m\u00f8rke, der uundg\u00e5eligt f\u00f8r eller siden vil omfavne os som mennesker. Nogle af teksterne forholder sig til m\u00f8rket som et eksistentielt vilk\u00e5r, en del har udspring i specifikke begivenheder som Anden Verdenskrig, attentatet i Oslo og p\u00e5 Ut\u00f8ya 22. juli 2011. Endelig har den norske digter Dan Andersen skrevet 2 digte under indtryk af coronakrisen, og vores dirigent Lars S\u00f8mod har sat dem i musik. Koncerten varer ca. en time.<\/p>\n\n\n\n<ul class=\"wp-block-list\"><li><strong>Sj\u00f8mannskirken, K\u00f8benhavn 15. oktober kl. 20 (Kulturnat)<\/strong>.  Entr\u00e9 med kulturpas.<\/li><li><strong>Litteraturhuset, Oslo 29. oktober kl 20. <\/strong>Gratis Entre<\/li><\/ul>\n","protected":false},"excerpt":{"rendered":"<p>Ny nordisk poesi i ny nordisk kormusik. En litteraturkoncert med s\u00e6rlig v\u00e6gt p\u00e5 ordene i musikken. Selve temaet \u2013 lys i m\u00f8rket \u2013 er opst\u00e5et som en eftertanke oven p\u00e5 den undtagelsestilstand Danmark og Norge stod i med coronakrisen, som lagde sig over os som et m\u00f8rke og fik mange til at drage paralleller til &hellip; <\/p>\n<p class=\"link-more\"><a href=\"https:\/\/vorfrelserskantori.dk\/index.php\/2021\/09\/28\/vaer-ikke-bange-for-moerket-sjoemannskirken-15-oktober-kl-20\/\" class=\"more-link\">L\u00e6s videre<span class=\"screen-reader-text\"> &#8220;V\u00e6r ikke bange for m\u00f8rket &#8211; K\u00f8benhavn 15. oktober kl. 20 &#8211; Oslo 29. oktober kl. 20&#8221;<\/span><\/a><\/p>\n","protected":false},"author":1,"featured_media":0,"comment_status":"closed","ping_status":"closed","sticky":false,"template":"","format":"standard","meta":{"footnotes":""},"categories":[4],"tags":[67,94],"class_list":["post-1442","post","type-post","status-publish","format-standard","hentry","category-koncerter","tag-kulturnat","tag-sjoemannskirken"],"_links":{"self":[{"href":"https:\/\/vorfrelserskantori.dk\/index.php\/wp-json\/wp\/v2\/posts\/1442","targetHints":{"allow":["GET"]}}],"collection":[{"href":"https:\/\/vorfrelserskantori.dk\/index.php\/wp-json\/wp\/v2\/posts"}],"about":[{"href":"https:\/\/vorfrelserskantori.dk\/index.php\/wp-json\/wp\/v2\/types\/post"}],"author":[{"embeddable":true,"href":"https:\/\/vorfrelserskantori.dk\/index.php\/wp-json\/wp\/v2\/users\/1"}],"replies":[{"embeddable":true,"href":"https:\/\/vorfrelserskantori.dk\/index.php\/wp-json\/wp\/v2\/comments?post=1442"}],"version-history":[{"count":2,"href":"https:\/\/vorfrelserskantori.dk\/index.php\/wp-json\/wp\/v2\/posts\/1442\/revisions"}],"predecessor-version":[{"id":1547,"href":"https:\/\/vorfrelserskantori.dk\/index.php\/wp-json\/wp\/v2\/posts\/1442\/revisions\/1547"}],"wp:attachment":[{"href":"https:\/\/vorfrelserskantori.dk\/index.php\/wp-json\/wp\/v2\/media?parent=1442"}],"wp:term":[{"taxonomy":"category","embeddable":true,"href":"https:\/\/vorfrelserskantori.dk\/index.php\/wp-json\/wp\/v2\/categories?post=1442"},{"taxonomy":"post_tag","embeddable":true,"href":"https:\/\/vorfrelserskantori.dk\/index.php\/wp-json\/wp\/v2\/tags?post=1442"}],"curies":[{"name":"wp","href":"https:\/\/api.w.org\/{rel}","templated":true}]}}