{"id":890,"date":"2013-12-06T15:04:42","date_gmt":"2013-12-06T14:04:42","guid":{"rendered":"http:\/\/web.vorfrelserskantori.dk\/?p=890"},"modified":"2023-09-04T21:02:34","modified_gmt":"2023-09-04T21:02:34","slug":"de-9-laesninger","status":"publish","type":"post","link":"https:\/\/vorfrelserskantori.dk\/index.php\/2013\/12\/06\/de-9-laesninger\/","title":{"rendered":"De 9 l\u00e6sninger"},"content":{"rendered":"<p><a href=\"http:\/\/vorfrelserskantori.files.wordpress.com\/2013\/12\/9lc3a6sninger_lille.jpg\"><img loading=\"lazy\" decoding=\"async\" src=\"https:\/\/vorfrelserskantori.dk\/wp-content\/uploads\/2023\/08\/9lc3a6sninger_lille.jpg\" alt=\"9l\u00e6sninger_lille\" width=\"147\" height=\"210\" border=\"0\" class=\"alignright size-medium wp-image-891\" \/><\/a>Kom og syng julen ind i Vor Frelsers Kirke!<br \/>\nL\u00f8rdag den 14. december sl\u00e5r Vor Frelsers Kantori sig sammen med kammerkoret Tourdion og Christianshavns Brass Band og inviterer til \u201dDe 9 l\u00e6sninger til Advent\u201d.<br \/>\nMellem l\u00e6sningerne fra bibelen, som forudsiger Jesu komme til verden, bliver der god mulighed for at r\u00f8re stemmerne i store, kendte julesalmer fra b\u00e5de den danske og engelske tradition. Alt akkompagneret af bl\u00f8de messingtoner og Vor Frelsers store orgel. Kl. 15.45 vil dirigenten Niels Granvig og korene varme menigheden op og \u00f8ve salmerne. L\u00e6sningerne starter kl. 16.<br \/>\nKom i god tid og v\u00e6r med til at l\u00f8fte taget med f\u00e6llessang i den store, flotte kirke!<\/p>\n","protected":false},"excerpt":{"rendered":"<p>Kom og syng julen ind i Vor Frelsers Kirke! L\u00f8rdag den 14. december sl\u00e5r Vor Frelsers Kantori sig sammen med kammerkoret Tourdion og Christianshavns Brass Band og inviterer til \u201dDe 9 l\u00e6sninger til Advent\u201d. Mellem l\u00e6sningerne fra bibelen, som forudsiger Jesu komme til verden, bliver der god mulighed for at r\u00f8re stemmerne i store, kendte &hellip; <\/p>\n<p class=\"link-more\"><a href=\"https:\/\/vorfrelserskantori.dk\/index.php\/2013\/12\/06\/de-9-laesninger\/\" class=\"more-link\">L\u00e6s videre<span class=\"screen-reader-text\"> &#8220;De 9 l\u00e6sninger&#8221;<\/span><\/a><\/p>\n","protected":false},"author":1,"featured_media":0,"comment_status":"closed","ping_status":"closed","sticky":false,"template":"","format":"standard","meta":{"footnotes":""},"categories":[4],"tags":[],"class_list":["post-890","post","type-post","status-publish","format-standard","hentry","category-koncerter"],"_links":{"self":[{"href":"https:\/\/vorfrelserskantori.dk\/index.php\/wp-json\/wp\/v2\/posts\/890","targetHints":{"allow":["GET"]}}],"collection":[{"href":"https:\/\/vorfrelserskantori.dk\/index.php\/wp-json\/wp\/v2\/posts"}],"about":[{"href":"https:\/\/vorfrelserskantori.dk\/index.php\/wp-json\/wp\/v2\/types\/post"}],"author":[{"embeddable":true,"href":"https:\/\/vorfrelserskantori.dk\/index.php\/wp-json\/wp\/v2\/users\/1"}],"replies":[{"embeddable":true,"href":"https:\/\/vorfrelserskantori.dk\/index.php\/wp-json\/wp\/v2\/comments?post=890"}],"version-history":[{"count":2,"href":"https:\/\/vorfrelserskantori.dk\/index.php\/wp-json\/wp\/v2\/posts\/890\/revisions"}],"predecessor-version":[{"id":2126,"href":"https:\/\/vorfrelserskantori.dk\/index.php\/wp-json\/wp\/v2\/posts\/890\/revisions\/2126"}],"wp:attachment":[{"href":"https:\/\/vorfrelserskantori.dk\/index.php\/wp-json\/wp\/v2\/media?parent=890"}],"wp:term":[{"taxonomy":"category","embeddable":true,"href":"https:\/\/vorfrelserskantori.dk\/index.php\/wp-json\/wp\/v2\/categories?post=890"},{"taxonomy":"post_tag","embeddable":true,"href":"https:\/\/vorfrelserskantori.dk\/index.php\/wp-json\/wp\/v2\/tags?post=890"}],"curies":[{"name":"wp","href":"https:\/\/api.w.org\/{rel}","templated":true}]}}