{"id":913,"date":"2014-06-16T21:49:58","date_gmt":"2014-06-16T20:49:58","guid":{"rendered":"http:\/\/web.vorfrelserskantori.dk\/?p=913"},"modified":"2023-09-04T21:01:45","modified_gmt":"2023-09-04T21:01:45","slug":"sommer-matine-3","status":"publish","type":"post","link":"https:\/\/vorfrelserskantori.dk\/index.php\/2014\/06\/16\/sommer-matine-3\/","title":{"rendered":"Sommer-matin\u00e9"},"content":{"rendered":"<p><a href=\"https:\/\/vorfrelserskantori.dk\/wp-content\/uploads\/2023\/08\/222.jpg\"><img loading=\"lazy\" decoding=\"async\" class=\"aligncenter  wp-image-911\" src=\"https:\/\/vorfrelserskantori.dk\/wp-content\/uploads\/2023\/08\/222.jpg\" alt=\"222\" width=\"523\" height=\"293\" \/><\/a><br \/>\nKom til sommer-matin\u00e9 med Vor Frelsers Kantori. Det foreg\u00e5r i Vor Frelsers Kirke, l\u00f8rdag den 21. juni, kl. 15 og det er ganske gratis. Repertoiret sp\u00e6nder vidt og du kan gl\u00e6de dig til at h\u00f8re <em>Locus iste <\/em>af A. Bruckner,<em> Agnus Dei <\/em>af I. Pizetti, <em>Kung Liljekonvalje <\/em>af D. Wikander og G. Fr\u00f6ding, <em>Sanctus<\/em> af G. Rossini, <em>Den lyse nat <\/em>af L. Estvad, og forskellige satser af Sven Erik Werner, Lars S\u00f8mod og Svend S. Schultz. Og s\u00e5 er der selvf\u00f8lgelig ogs\u00e5 et par f\u00e6llessalmer, som vi synger sammen. Hele herligheden er gratis.<br \/>\nVi gl\u00e6der os til at synge for og med dig. Vel m\u00f8dt!<\/p>\n","protected":false},"excerpt":{"rendered":"<p>Kom til sommer-matin\u00e9 med Vor Frelsers Kantori. Det foreg\u00e5r i Vor Frelsers Kirke, l\u00f8rdag den 21. juni, kl. 15 og det er ganske gratis. Repertoiret sp\u00e6nder vidt og du kan gl\u00e6de dig til at h\u00f8re Locus iste af A. Bruckner, Agnus Dei af I. Pizetti, Kung Liljekonvalje af D. Wikander og G. Fr\u00f6ding, Sanctus af &hellip; <\/p>\n<p class=\"link-more\"><a href=\"https:\/\/vorfrelserskantori.dk\/index.php\/2014\/06\/16\/sommer-matine-3\/\" class=\"more-link\">L\u00e6s videre<span class=\"screen-reader-text\"> &#8220;Sommer-matin\u00e9&#8221;<\/span><\/a><\/p>\n","protected":false},"author":1,"featured_media":0,"comment_status":"closed","ping_status":"closed","sticky":false,"template":"","format":"standard","meta":{"footnotes":""},"categories":[4],"tags":[],"class_list":["post-913","post","type-post","status-publish","format-standard","hentry","category-koncerter"],"_links":{"self":[{"href":"https:\/\/vorfrelserskantori.dk\/index.php\/wp-json\/wp\/v2\/posts\/913","targetHints":{"allow":["GET"]}}],"collection":[{"href":"https:\/\/vorfrelserskantori.dk\/index.php\/wp-json\/wp\/v2\/posts"}],"about":[{"href":"https:\/\/vorfrelserskantori.dk\/index.php\/wp-json\/wp\/v2\/types\/post"}],"author":[{"embeddable":true,"href":"https:\/\/vorfrelserskantori.dk\/index.php\/wp-json\/wp\/v2\/users\/1"}],"replies":[{"embeddable":true,"href":"https:\/\/vorfrelserskantori.dk\/index.php\/wp-json\/wp\/v2\/comments?post=913"}],"version-history":[{"count":1,"href":"https:\/\/vorfrelserskantori.dk\/index.php\/wp-json\/wp\/v2\/posts\/913\/revisions"}],"predecessor-version":[{"id":1652,"href":"https:\/\/vorfrelserskantori.dk\/index.php\/wp-json\/wp\/v2\/posts\/913\/revisions\/1652"}],"wp:attachment":[{"href":"https:\/\/vorfrelserskantori.dk\/index.php\/wp-json\/wp\/v2\/media?parent=913"}],"wp:term":[{"taxonomy":"category","embeddable":true,"href":"https:\/\/vorfrelserskantori.dk\/index.php\/wp-json\/wp\/v2\/categories?post=913"},{"taxonomy":"post_tag","embeddable":true,"href":"https:\/\/vorfrelserskantori.dk\/index.php\/wp-json\/wp\/v2\/tags?post=913"}],"curies":[{"name":"wp","href":"https:\/\/api.w.org\/{rel}","templated":true}]}}