{"id":934,"date":"2014-10-23T16:54:33","date_gmt":"2014-10-23T15:54:33","guid":{"rendered":"http:\/\/web.vorfrelserskantori.dk\/?p=934"},"modified":"2023-08-08T19:41:28","modified_gmt":"2023-08-08T19:41:28","slug":"allehelgensmusik-med-kammerkoret-nye-toner-og-vor-frelsers-kantori","status":"publish","type":"post","link":"https:\/\/vorfrelserskantori.dk\/index.php\/2014\/10\/23\/allehelgensmusik-med-kammerkoret-nye-toner-og-vor-frelsers-kantori\/","title":{"rendered":"Allehelgensmusik med Kammerkoret &#8216;Nye Toner&#8217; og Vor Frelsers Kantori"},"content":{"rendered":"<p><img loading=\"lazy\" decoding=\"async\" class=\"  wp-image-940 alignnone\" src=\"https:\/\/vorfrelserskantori.dk\/wp-content\/uploads\/2023\/08\/allehelgens_all-707x1000.jpg\" alt=\"allehelgens_ALL\" width=\"537\" height=\"759\" \/><\/p>\n<p>&nbsp;<\/p>\n<ul>\n<li>Vor Frelsers Kirke torsdag 6. november 2014 kl 20. (Fri entr\u00e9)<\/li>\n<li>Frederiksv\u00e6rk Kirke, s\u00f8ndag 9. november 2014 kl 16. (Entr\u00e9 100 kr.)<\/li>\n<\/ul>\n<p>Kammerkoret Nye Toner og Vor Frelsers Kantori h\u00f8rer begge hjemme p\u00e5 Christianshavn, p\u00e5 hver sin side af Torvegade og Kanalen. Nye Toners 16 sangere \u00f8ver i Christians Kirke og ledes til dagligt af kirkens organist, S\u00f8ren Johannsen. I denne koncert samles kr\u00e6fterne i sk\u00f8n Allehelgens musik i novembers m\u00f8rke. Koncerten ledes af Kantoriets dirigent og organist\/klokkenist i Vor Frelsers Kirke, Lars S\u00f8mod.<\/p>\n<p>Det udvalgte repertoire er Allehelgensmusik af samtidige komponister med forskellige musikalske udtryk.<\/p>\n<p>De tidligste er Anton Bruckner (1824-1896), hvis kendte motet \u201dLocus iste\u201d \u00e5bner koncerten. Den samtidige Johannes Brahms (1833-1897), hvis motet \u201dWarum ist das Licht gegeben dem M\u00fchseligen\u201d er komponeret i et ganske andet klangbillede, p\u00e5 baggrund af solide studier af barokkens motetter.<\/p>\n<p>Det lidt senere komponist-par \u2013 svenske Otto Olsson (1879-1964) og italienske Ildebrando Pizzetti (1880-1968) \u2013 levede og virkede ogs\u00e5 p\u00e5 samme tid, men havde vidt forskellige kompositionssprog. Pizzetti fors\u00f8ger med sin \u201dMissa di Requiem\u201d og sine \u00f8vrige korv\u00e6rker at genoplive den vokale kirkemusik, fra f\u00f8r operaen og dermed arien blev dominerende. Denne genoptagelse af glemte, kirkemusikalske klange og former var i begyndelsen af det 20. \u00e5rhundrede udbredt i hele Europa \u2013 ogs\u00e5 i Danmark, hvor den bl.a. var repr\u00e6senteret af Thomas Laub og Carl Nielsen. Olsson komponerer med et ganske andet udtryk i en senromantisk stil, p\u00e5virket af den franske romantik. De tre motetter fra Olssons samling &#8216;Sex latinska hymner&#8217; fra 1919 er et godt eksempel p\u00e5 hans stil; meget ekspressiv og f\u00f8lelsesladet, hvor den danske kirkestil p\u00e5 denne tid var mere tilbageholdende.<\/p>\n","protected":false},"excerpt":{"rendered":"<p>&nbsp; Vor Frelsers Kirke torsdag 6. november 2014 kl 20. (Fri entr\u00e9) Frederiksv\u00e6rk Kirke, s\u00f8ndag 9. november 2014 kl 16. (Entr\u00e9 100 kr.) Kammerkoret Nye Toner og Vor Frelsers Kantori h\u00f8rer begge hjemme p\u00e5 Christianshavn, p\u00e5 hver sin side af Torvegade og Kanalen. Nye Toners 16 sangere \u00f8ver i Christians Kirke og ledes til dagligt &hellip; <\/p>\n<p class=\"link-more\"><a href=\"https:\/\/vorfrelserskantori.dk\/index.php\/2014\/10\/23\/allehelgensmusik-med-kammerkoret-nye-toner-og-vor-frelsers-kantori\/\" class=\"more-link\">L\u00e6s videre<span class=\"screen-reader-text\"> &#8220;Allehelgensmusik med Kammerkoret &#8216;Nye Toner&#8217; og Vor Frelsers Kantori&#8221;<\/span><\/a><\/p>\n","protected":false},"author":1,"featured_media":0,"comment_status":"closed","ping_status":"closed","sticky":false,"template":"","format":"standard","meta":{"footnotes":""},"categories":[4],"tags":[23,42,51,53,74,77,108],"class_list":["post-934","post","type-post","status-publish","format-standard","hentry","category-koncerter","tag-anton-bruckner","tag-frederiksvaerk-kirke","tag-ildebrando-pizzetti","tag-johannes-brahms","tag-nye-toner","tag-otto-olsson","tag-vor-frelsers-kirke"],"_links":{"self":[{"href":"https:\/\/vorfrelserskantori.dk\/index.php\/wp-json\/wp\/v2\/posts\/934","targetHints":{"allow":["GET"]}}],"collection":[{"href":"https:\/\/vorfrelserskantori.dk\/index.php\/wp-json\/wp\/v2\/posts"}],"about":[{"href":"https:\/\/vorfrelserskantori.dk\/index.php\/wp-json\/wp\/v2\/types\/post"}],"author":[{"embeddable":true,"href":"https:\/\/vorfrelserskantori.dk\/index.php\/wp-json\/wp\/v2\/users\/1"}],"replies":[{"embeddable":true,"href":"https:\/\/vorfrelserskantori.dk\/index.php\/wp-json\/wp\/v2\/comments?post=934"}],"version-history":[{"count":2,"href":"https:\/\/vorfrelserskantori.dk\/index.php\/wp-json\/wp\/v2\/posts\/934\/revisions"}],"predecessor-version":[{"id":1645,"href":"https:\/\/vorfrelserskantori.dk\/index.php\/wp-json\/wp\/v2\/posts\/934\/revisions\/1645"}],"wp:attachment":[{"href":"https:\/\/vorfrelserskantori.dk\/index.php\/wp-json\/wp\/v2\/media?parent=934"}],"wp:term":[{"taxonomy":"category","embeddable":true,"href":"https:\/\/vorfrelserskantori.dk\/index.php\/wp-json\/wp\/v2\/categories?post=934"},{"taxonomy":"post_tag","embeddable":true,"href":"https:\/\/vorfrelserskantori.dk\/index.php\/wp-json\/wp\/v2\/tags?post=934"}],"curies":[{"name":"wp","href":"https:\/\/api.w.org\/{rel}","templated":true}]}}