{"id":951,"date":"2014-11-30T10:25:59","date_gmt":"2014-11-30T09:25:59","guid":{"rendered":"http:\/\/web.vorfrelserskantori.dk\/?p=951"},"modified":"2023-08-08T19:41:28","modified_gmt":"2023-08-08T19:41:28","slug":"de-9-laesninger-i-vor-frelsers-kirke-lordag-d-13-december-kl-16","status":"publish","type":"post","link":"https:\/\/vorfrelserskantori.dk\/index.php\/2014\/11\/30\/de-9-laesninger-i-vor-frelsers-kirke-lordag-d-13-december-kl-16\/","title":{"rendered":"De 9 l\u00e6sninger i Vor Frelsers Kirke &#8211; L\u00f8rdag d. 13. december kl 16"},"content":{"rendered":"<p><a href=\"https:\/\/vorfrelserskantori.files.wordpress.com\/2014\/11\/brass.jpg\"><img loading=\"lazy\" decoding=\"async\" class=\"alignnone size-large wp-image-952\" src=\"https:\/\/vorfrelserskantori.dk\/wp-content\/uploads\/2023\/08\/brass.jpg\" alt=\"brass\" width=\"420\" height=\"352\" \/><\/a><\/p>\n<p>Vor Frelsers Kantori s\u00e6tter igen i \u00e5r sammen med Kammerkoret Tourdion, FDF Christianshavn Brass Band og Lars S\u00f8mod ved orgelet den musikalske julestemning i h\u00f8js\u00e6det.<\/p>\n<p>De 9 l\u00e6sninger er en stemningsfuld begivenhed efter engelsk tradition \u2013 med vekslen mellem l\u00e6sninger og musikalske indslag, mellem ensemblernes optr\u00e6den og f\u00e6llessang, hvor alle rejser sig og synger med af hjertens lyst. Vi h\u00e5ber, at kirken ligesom sidste \u00e5r vil v\u00e6re godt fyldt, og stemmerne kan fylde det store rum lige til \u00f8verste hv\u00e6lving!<\/p>\n<p>Der er stemmeopvarmning for menigheden kl. 15.45 ved Niels Granvig, som sammen med Rasmus Kj\u00e6rsgaard st\u00e5r for den musikalske ledelse. Fri entr\u00e9.<\/p>\n<p>G\u00e5 til <a href=\"https:\/\/www.facebook.com\/events\/344728762365570\/?notif_t=plan_user_invited\">Facebook event<\/a>.<\/p>\n","protected":false},"excerpt":{"rendered":"<p>Vor Frelsers Kantori s\u00e6tter igen i \u00e5r sammen med Kammerkoret Tourdion, FDF Christianshavn Brass Band og Lars S\u00f8mod ved orgelet den musikalske julestemning i h\u00f8js\u00e6det. De 9 l\u00e6sninger er en stemningsfuld begivenhed efter engelsk tradition \u2013 med vekslen mellem l\u00e6sninger og musikalske indslag, mellem ensemblernes optr\u00e6den og f\u00e6llessang, hvor alle rejser sig og synger med &hellip; <\/p>\n<p class=\"link-more\"><a href=\"https:\/\/vorfrelserskantori.dk\/index.php\/2014\/11\/30\/de-9-laesninger-i-vor-frelsers-kirke-lordag-d-13-december-kl-16\/\" class=\"more-link\">L\u00e6s videre<span class=\"screen-reader-text\"> &#8220;De 9 l\u00e6sninger i Vor Frelsers Kirke &#8211; L\u00f8rdag d. 13. december kl 16&#8221;<\/span><\/a><\/p>\n","protected":false},"author":1,"featured_media":0,"comment_status":"closed","ping_status":"closed","sticky":false,"template":"","format":"standard","meta":{"footnotes":""},"categories":[4],"tags":[9,40,55,56,107,108],"class_list":["post-951","post","type-post","status-publish","format-standard","hentry","category-koncerter","tag-13-december-2014","tag-fdf-christianshavn-brass-band","tag-julekoncert","tag-kammerkoret-tourdion","tag-vor-frelsers-kantori","tag-vor-frelsers-kirke"],"_links":{"self":[{"href":"https:\/\/vorfrelserskantori.dk\/index.php\/wp-json\/wp\/v2\/posts\/951","targetHints":{"allow":["GET"]}}],"collection":[{"href":"https:\/\/vorfrelserskantori.dk\/index.php\/wp-json\/wp\/v2\/posts"}],"about":[{"href":"https:\/\/vorfrelserskantori.dk\/index.php\/wp-json\/wp\/v2\/types\/post"}],"author":[{"embeddable":true,"href":"https:\/\/vorfrelserskantori.dk\/index.php\/wp-json\/wp\/v2\/users\/1"}],"replies":[{"embeddable":true,"href":"https:\/\/vorfrelserskantori.dk\/index.php\/wp-json\/wp\/v2\/comments?post=951"}],"version-history":[{"count":1,"href":"https:\/\/vorfrelserskantori.dk\/index.php\/wp-json\/wp\/v2\/posts\/951\/revisions"}],"predecessor-version":[{"id":1636,"href":"https:\/\/vorfrelserskantori.dk\/index.php\/wp-json\/wp\/v2\/posts\/951\/revisions\/1636"}],"wp:attachment":[{"href":"https:\/\/vorfrelserskantori.dk\/index.php\/wp-json\/wp\/v2\/media?parent=951"}],"wp:term":[{"taxonomy":"category","embeddable":true,"href":"https:\/\/vorfrelserskantori.dk\/index.php\/wp-json\/wp\/v2\/categories?post=951"},{"taxonomy":"post_tag","embeddable":true,"href":"https:\/\/vorfrelserskantori.dk\/index.php\/wp-json\/wp\/v2\/tags?post=951"}],"curies":[{"name":"wp","href":"https:\/\/api.w.org\/{rel}","templated":true}]}}